{"id":22260,"date":"2021-12-08T15:35:22","date_gmt":"2021-12-08T14:35:22","guid":{"rendered":"https:\/\/primevestcp.com\/?p=22260"},"modified":"2021-12-08T15:40:10","modified_gmt":"2021-12-08T14:40:10","slug":"glasfaserausbau-startet-im-gesamten-gebiet-der-gemeinde-huellhorst","status":"publish","type":"post","link":"https:\/\/primevestcp.com\/de\/communication-infrastructure-de\/glasfaserausbau-startet-im-gesamten-gebiet-der-gemeinde-huellhorst\/","title":{"rendered":"Glasfaserausbau startet im gesamten Gebiet der Gemeinde H\u00fcllhorst"},"content":{"rendered":"<p>\u2022 Baustart beginnt heute (05.11.2021)<br \/>\n\u2022 Bauzeit ca. 10 Monate<br \/>\n\u2022 die Vorvermarktungsquote von 40% wurde mittlerweile \u00fcberschritten!<br \/>\n\u2022 Vertr\u00e4ge werden von bild+ton oder gustav noch weiter entgegengenommen<br \/>\n\u2022 Oder Vertragsunterlagen erhalten durch Registrierung unter: <a href=\"http:\/\/www.glasfaser-huellhorst.de\" target=\"_blank\" rel=\"noopener\">www.glasfaser-huellhorst.de<\/a><\/p>\n<p>\u201eWir freuen uns gemeinsam mit gustav und GFS die Baufreigabe mit einem Spatenstich am heutigen Freitag zu feiern und unterst\u00fctzen Primevest, GFS und gustav bei dem jetzt folgenden Ausbau der Gemeindeteile. Nutzen Sie diese Chance f\u00fcr ein zukunftssicheres H\u00fcllhorst\u201c, <strong>so der B\u00fcrgermeister Michael Kasche.<\/strong><\/p>\n<p>Die B\u00fcrgerinnen und B\u00fcrger und auch die Gemeinde werden durch den Komplettausbau profitieren. Dabei wird die Synergie genutzt, die durch Mitnutzung heute bereits in der Gemeinde vorhandener Rohre fr\u00fcherer Teilausbauten der Kooperation zwischen Westenergie\/Westnetz und gustav, entstanden ist.<\/p>\n<p>Oberbauerschaft, Struckhof, Ahlsen und Teilbereiche von Tengern und B\u00fcttendorf verf\u00fcgen bereits \u00fcber eine Glasfaser-Infrastruktur. Und nicht zuletzt durch den unerm\u00fcdlichen Einsatz unserer Stra\u00dfenpaten sowie den Kontaktpersonen vor Ort, allen voran unseren Ortsvorsteherinnen und Ortsvorstehern, wurde dieses Ziel f\u00fcr die gesamte Gemeinde H\u00fcllhorst erreicht: die Geb\u00e4ude werden fit f\u00fcr die Zukunft. Unser Ziel ist den Komplettausbau innerhalb der n\u00e4chsten 10 Monate umzusetzen und schnellstm\u00f6glich die ersten Kunden auf das neue Netz aufzuschalten.<\/p>\n<p>Hier entsteht ein nachhaltiges Versorgungsnetz, welches bereits alle zuk\u00fcnftigen Anforderungen an Bandbreitenbedarfe und -Anwendungen abdeckt und ist, selbst, wenn die aktuelle Internetgeschwindigkeit auf der \u00e4lteren Kupfertechnologie noch ausreichen sollte, hochrelevant im Hinblick auf die Robustheit der Verbindungen (Homeschooling, Home Office, zahlreiche Video- und Cloudanwendungen) und nicht zuletzt bez\u00fcglich einer Immobilienbewertung bei Verkauf oder Generationswechsel.<\/p>\n<p>Die Teilhabe am \u00f6ffentlichen Leben wird f\u00fcr s\u00e4mtliche Generationen auch bis ins h\u00f6here Alter erm\u00f6glicht mit Videokonferenzen, TV on Demand, Telemedizin Anwendungen, etc.<\/p>\n<p>Im Weiteren versetzt der Ausblick auf ein umfassendes Glasfasernetz die Gemeinde erstmals in die Lage, viele neue Chancen bzgl. der Realisierung zahlreicher Aspekte des digitalen Gemeinwesens anzugehen.<\/p>\n<p>\u201eDurch die heute gestartete Bauma\u00dfnahme investieren wir als Primevest in die Herstellung eines zukunftstr\u00e4chtigen und modernes Glasfasernetz. Wir freuen uns mit unseren Partnern GFS, gustav und Westenergie\/Westnetz die Gemeinde H\u00fcllhorst komplett mit Glasfaser auszubauen und die derzeitigen L\u00fccken in der Gemeindeinfrastruktur zu schliessen. Mit einer Gesamtinvestition von \u00fcber 6 Mio. \u20ac und einer Bauzeit von ca. 10 Monaten versorgen wir H\u00fcllhorst schnellstm\u00f6glich mit einem zukunftsorientierten Hochgeschwindigkeitsnetz. Dank gilt an dieser Stelle allen Beteiligten B\u00fcrgerinnen, B\u00fcrgern, Stra\u00dfenpaten, Ortsvorsteherinnen und Ortsvorsteher, die durch Ihren unerm\u00fcdlichen Einsatz dies erm\u00f6glicht haben. Jetzt sind wir mit unseren Partnern an der Reihe zu liefern\u201c, <strong>sagt Klaus Leckelt, Projektleiter der Primevest.<\/strong><\/p>\n<p>Abschlie\u00dfend appelliert B\u00fcrgermeister Michael Kasche: \u201eSollten Sie sich noch nicht entschieden haben, sprechen uns, Ihre Ortsvorsteherin bzw. Ihren Ortsvorsteher oder bild+ton berger auf das Ausbauprojekt an.\u201c<\/p>\n<p><strong>Pressekontakt Primevest Capital Partners<\/strong><\/p>\n<p>Lisette van der Ham<br \/>\nHead of Marketing &amp; Communications<br \/>\nTel.: \u00a0\u00a0\u00a0\u00a0 +31 (0) 33 750 47 54<br \/>\nE-Mail: <a href=\"mailto:lisette.vanderham@primevestcp.com\">lisette.vanderham@primevestcp.com<\/a><br \/>\nWeb:\u00a0\u00a0\u00a0 <a href=\"https:\/\/primevestcp.com\/\">www.primevestcp.com<\/a><\/p>\n<p><strong>Pressekontakt Gemeinde H\u00fcllhorst<\/strong><\/p>\n<p>Michael Kasche<br \/>\nB\u00fcrgermeister<br \/>\nTel.: \u00a0\u00a0\u00a0\u00a0 +49(0)5744 \u2013 9315100<br \/>\nE-Mail:\u00a0 <a href=\"michael.kasche@huellhorst.de\">michael.kasche@huellhorst.de <\/a><br \/>\nWeb:\u00a0\u00a0\u00a0 <a href=\"http:\/\/www.huellhorst.de\">www.huellhorst.de<\/a><\/p>\n<p><strong>Pressekontakt gustav internet<\/strong><\/p>\n<p>Dennis Kornehl<br \/>\nTel.: \u00a0\u00a0\u00a0\u00a0 +49(0) 511 9999 8035<br \/>\nE-Mail: <a href=\"presse@gustavinternet.de\">presse@gustavinternet.de<\/a><br \/>\nWeb:\u00a0\u00a0\u00a0 <a href=\"http:\/\/www.gustavinternet.de\">www.gustavinternet.de<\/a><\/p>\n","protected":false},"excerpt":{"rendered":"<p>H\u00fcllhorst wird ausgebaut: Die Bauplanung ist erfolgreich abgeschlossen worden. Jetzt kann der Komplettausbau beginnen. \u00dcber 40% der Haushalte haben den Vertrag bereits abgegeben, um sich den kostenlosen Hausanschluss zu sichern.<\/p>\n","protected":false},"author":8,"featured_media":19591,"comment_status":"closed","ping_status":"closed","sticky":false,"template":"","format":"standard","meta":{"_acf_changed":false,"footnotes":""},"tags":[295,233,277,490,225],"class_list":["post-22260","post","type-post","status-publish","format-standard","has-post-thumbnail","hentry","category-communication-infrastructure-de","tag-glas-fibre-de","tag-investment-management-de-2","tag-investment-management-de-3","tag-primevest-capital-partners-nl-de","tag-primevest-capital-partners-de-2","type-news-de"],"acf":[],"aioseo_notices":[],"_links":{"self":[{"href":"https:\/\/primevestcp.com\/de\/wp-json\/wp\/v2\/posts\/22260","targetHints":{"allow":["GET"]}}],"collection":[{"href":"https:\/\/primevestcp.com\/de\/wp-json\/wp\/v2\/posts"}],"about":[{"href":"https:\/\/primevestcp.com\/de\/wp-json\/wp\/v2\/types\/post"}],"author":[{"embeddable":true,"href":"https:\/\/primevestcp.com\/de\/wp-json\/wp\/v2\/users\/8"}],"replies":[{"embeddable":true,"href":"https:\/\/primevestcp.com\/de\/wp-json\/wp\/v2\/comments?post=22260"}],"version-history":[{"count":4,"href":"https:\/\/primevestcp.com\/de\/wp-json\/wp\/v2\/posts\/22260\/revisions"}],"predecessor-version":[{"id":22264,"href":"https:\/\/primevestcp.com\/de\/wp-json\/wp\/v2\/posts\/22260\/revisions\/22264"}],"wp:featuredmedia":[{"embeddable":true,"href":"https:\/\/primevestcp.com\/de\/wp-json\/wp\/v2\/media\/19591"}],"wp:attachment":[{"href":"https:\/\/primevestcp.com\/de\/wp-json\/wp\/v2\/media?parent=22260"}],"wp:term":[{"taxonomy":"post_tag","embeddable":true,"href":"https:\/\/primevestcp.com\/de\/wp-json\/wp\/v2\/tags?post=22260"}],"curies":[{"name":"wp","href":"https:\/\/api.w.org\/{rel}","templated":true}]}}