{"id":22323,"date":"2022-01-06T14:27:11","date_gmt":"2022-01-06T13:27:11","guid":{"rendered":"https:\/\/primevestcp.com\/car-parks-de\/primevest-capital-partners-acquires-residential-development-project-in-dortmund-for-e-23-million-on-behalf-of-german-pension-fund\/"},"modified":"2022-01-06T14:43:10","modified_gmt":"2022-01-06T13:43:10","slug":"primevest-capital-partners-acquires-residential-development-project-in-dortmund-for-e-23-million-on-behalf-of-german-pension-fund","status":"publish","type":"post","link":"https:\/\/primevestcp.com\/de\/urbanes-studentisches-wohnen-de\/primevest-capital-partners-acquires-residential-development-project-in-dortmund-for-e-23-million-on-behalf-of-german-pension-fund\/","title":{"rendered":"Primevest Capital Partners erwirbt Wohnentwicklungsprojekt in Dortmund f\u00fcr 23 Mio. \u20ac im Auftrag einer Deutschen Pensionskasse"},"content":{"rendered":"<p>Das Projekt wird nach der geplanten Fertigstellung in Q3 2024 insgesamt 48 frei finanzierte und 29 gef\u00f6rderte Wohneinheiten mit zwei bis vier Zimmern und Wohnungsgr\u00f6\u00dfen von ca. 45 m\u00b2 bis ca. 112 m\u00b2 umfassen. Au\u00dferdem sind f\u00fcr die Bewohner 64 Pkw-Stellpl\u00e4tze in einer eingeschossigen Tiefgarage vorgesehen. Ebenfalls befinden sich hier Abstellr\u00e4ume, Fahrradabstellpl\u00e4tze und Technikr\u00e4ume. Die Au\u00dfenfl\u00e4chen sollen zur gemeinschaftlichen Nutzung hochwertig gestaltet werden.<\/p>\n<p>Der Wohnkomplex mit einer Gesamtmietfl\u00e4che von gut 5.940 m\u00b2 wird nach dem KfW (BEG)-55 EE-Standard gebaut und dar\u00fcber hinaus die Voraussetzungen der Energieeffizienzklasse A erf\u00fcllen.\u00a0 Das Projekt ist sehr gut angebunden an das \u00f6ffentliche U- und S-Bahnnetz der Stadt Dortmund sowie die wichtige Verkehrsader A 45. In unmittelbarer Umgebung befinden sich zahlreiche Einrichtungen des \u00f6ffentlichen Bedarfs, die fu\u00dfl\u00e4ufig erreichbar sind. Die Umgebung bietet viel Gr\u00fcn und Ruhe und eignet sich hervorragend f\u00fcr eine moderne Wohnbebauung, die unter anderem auch leistbaren Wohnraum in einem zunehmend angespannten Wohnungsmarkt schafft. Bei diesem Projekt wurde in besonderem Ma\u00dfe darauf geachtet, dass eine sowohl im sozialen als auch im energetischen Sinne nachhaltige Wohnanlage entsteht.<\/p>\n<p><strong>Victor Ghalayini, Acquisition Manager bei Primevest Capital Partners:<\/strong> \u201cBei diesem Projekt haben wir in \u00dcbereinkunft mit dem Verk\u00e4ufer erreichen k\u00f6nnen, dass die f\u00fcr uns sehr wichtigen ESG-Kriterien beachtet und umgesetzt werden\u201c.<\/p>\n<img loading=\"lazy\" decoding=\"async\" class=\"size-full wp-image-22316 alignnone\" src=\"https:\/\/primevestcp.com\/wp-content\/uploads\/2022\/01\/Dortmund-2.png\" alt=\"\" width=\"679\" height=\"249\" \/>\n<p><strong>\u00dcber Primevest Capital Partners<\/strong><br \/>\nPrimevest Capital Partners ist eine paneurop\u00e4ische Investmentboutique, die sich auf Investitionen in innovative Sachwerte spezialisiert hat. Primevest Capital Partners hat die Vision, unsere St\u00e4dte zukunftssicher zu machen, indem wir in ganz Europa in zeitgem\u00e4\u00dfe, erschwingliche Wohnungen, Kommunikationsinfrastrukturen und Parkh\u00e4user investieren und so f\u00fcr ein besseres st\u00e4dtisches Leben, mehr Vernetzung und Mobilit\u00e4t sorgen. Unsere Investitionsphilosophie und unsere Vision werden durch den aktuellen Trend der Urbanisierung und die F\u00e4higkeit, die modernen Bed\u00fcrfnisse von Gro\u00dfstadtgemeinschaften zu erf\u00fcllen und gleichzeitig die Lebensqualit\u00e4t und Nachhaltigkeit der Menschen zu verbessern, angetrieben.<\/p>\n<p>Von unseren B\u00fcros in Utrecht, Eindhoven und Berlin aus verwaltet ein Team von 70 Fachleuten ein Verm\u00f6gen von 2,8 Milliarden Euro in sechs sektororientierten Fonds und drei individuellen institutionellen Mandaten und ein Portfolio von rund 0,9 Mrd. \u20ac an Investments, das sich nach der \u00dcbernahme der Holland Immo Group an private und institutionelle Anleger sowie Family Offices richtet.<\/p>\n<p>Pressekontakt Primevest Capital Partners<br \/>\nLisette van der Ham<br \/>\nHead of Marketing &amp; Corporate Communications<br \/>\nT: +31 6 832 005 61<br \/>\n<a href=\"mailto:lisette.vanderham@primevestcp.com\" target=\"_blank\" rel=\"noopener\">lisette.vanderham@primevestcp.com<\/a><br \/>\n<a href=\"https:\/\/primevestcp.com\" target=\"_blank\" rel=\"noopener\">www.primevestcp.com<\/a><\/p>\n","protected":false},"excerpt":{"rendered":"<p>Das Projekt wird nach der geplanten Fertigstellung in Q3 2024 insgesamt 48 frei finanzierte und 29 gef\u00f6rderte Wohneinheiten mit zwei bis vier Zimmern und Wohnungsgr\u00f6\u00dfen von ca. 45 m\u00b2 bis ca. 112 m\u00b2 umfassen. Au\u00dferdem sind f\u00fcr die Bewohner 64 Pkw-Stellpl\u00e4tze in einer eingeschossigen Tiefgarage vorgesehen. Ebenfalls befinden sich hier Abstellr\u00e4ume, Fahrradabstellpl\u00e4tze und Technikr\u00e4ume. Die [&hellip;]<\/p>\n","protected":false},"author":8,"featured_media":22321,"comment_status":"closed","ping_status":"closed","sticky":false,"template":"","format":"standard","meta":{"_acf_changed":false,"footnotes":""},"tags":[301],"class_list":["post-22323","post","type-post","status-publish","format-standard","has-post-thumbnail","hentry","category-urbanes-studentisches-wohnen-de","tag-modern-residential-accommodation-de-2","type-news-de"],"acf":[],"aioseo_notices":[],"_links":{"self":[{"href":"https:\/\/primevestcp.com\/de\/wp-json\/wp\/v2\/posts\/22323","targetHints":{"allow":["GET"]}}],"collection":[{"href":"https:\/\/primevestcp.com\/de\/wp-json\/wp\/v2\/posts"}],"about":[{"href":"https:\/\/primevestcp.com\/de\/wp-json\/wp\/v2\/types\/post"}],"author":[{"embeddable":true,"href":"https:\/\/primevestcp.com\/de\/wp-json\/wp\/v2\/users\/8"}],"replies":[{"embeddable":true,"href":"https:\/\/primevestcp.com\/de\/wp-json\/wp\/v2\/comments?post=22323"}],"version-history":[{"count":2,"href":"https:\/\/primevestcp.com\/de\/wp-json\/wp\/v2\/posts\/22323\/revisions"}],"predecessor-version":[{"id":22325,"href":"https:\/\/primevestcp.com\/de\/wp-json\/wp\/v2\/posts\/22323\/revisions\/22325"}],"wp:featuredmedia":[{"embeddable":true,"href":"https:\/\/primevestcp.com\/de\/wp-json\/wp\/v2\/media\/22321"}],"wp:attachment":[{"href":"https:\/\/primevestcp.com\/de\/wp-json\/wp\/v2\/media?parent=22323"}],"wp:term":[{"taxonomy":"post_tag","embeddable":true,"href":"https:\/\/primevestcp.com\/de\/wp-json\/wp\/v2\/tags?post=22323"}],"curies":[{"name":"wp","href":"https:\/\/api.w.org\/{rel}","templated":true}]}}